{"id":19509,"date":"2025-07-07T08:36:43","date_gmt":"2025-07-07T06:36:43","guid":{"rendered":"https:\/\/www.fmiv.nu\/wordpress\/?p=19509"},"modified":"2025-07-16T11:18:41","modified_gmt":"2025-07-16T09:18:41","slug":"de-arrangerar-kulturdagen-12-juli","status":"publish","type":"post","link":"https:\/\/www.fmiv.nu\/wordpress\/?p=19509","title":{"rendered":"De arrangerar kulturdagen 12 juli"},"content":{"rendered":"\n<p>Den 12 juli arrangeras kulturdagen i samarbete med Bistro G\u00e5rden. Lyssna p\u00e5 intervjun med Carlos och Marie.<\/p>\n\n\n\n<figure class=\"wp-block-audio\"><audio controls src=\"https:\/\/www.fmiv.nu\/wordpress\/wp-content\/uploads\/2025\/07\/Intervju-med-Carlos-om-Kulturdagen-25-07-12-Radioversion.mp3\"><\/audio><\/figure>\n\n\n\n<figure class=\"wp-block-image size-large\"><a href=\"https:\/\/www.fmiv.nu\/wordpress\/wp-content\/uploads\/2025\/07\/Bistro-garden-med-Carlos-och-Marie-3.png\"><img loading=\"lazy\" decoding=\"async\" width=\"1003\" height=\"1024\" src=\"https:\/\/www.fmiv.nu\/wordpress\/wp-content\/uploads\/2025\/07\/Bistro-garden-med-Carlos-och-Marie-3-1003x1024.png\" alt=\"\" class=\"wp-image-19513\" srcset=\"https:\/\/www.fmiv.nu\/wordpress\/wp-content\/uploads\/2025\/07\/Bistro-garden-med-Carlos-och-Marie-3-1003x1024.png 1003w, https:\/\/www.fmiv.nu\/wordpress\/wp-content\/uploads\/2025\/07\/Bistro-garden-med-Carlos-och-Marie-3-294x300.png 294w, https:\/\/www.fmiv.nu\/wordpress\/wp-content\/uploads\/2025\/07\/Bistro-garden-med-Carlos-och-Marie-3-768x784.png 768w, https:\/\/www.fmiv.nu\/wordpress\/wp-content\/uploads\/2025\/07\/Bistro-garden-med-Carlos-och-Marie-3.png 1349w\" sizes=\"auto, (max-width: 1003px) 100vw, 1003px\" \/><\/a><\/figure>\n\n\n\n<p>Medan kulturdagen p\u00e5gick gjordes flera intervjuer med b\u00e5de musiker, konstn\u00e4rer och bes\u00f6kare. Lyssna p\u00e5 ett collage av inspelningar d\u00e4rifr\u00e5n. Fr\u00e5n direkts\u00e4ndningen den 14 juli med sommarradion.<\/p>\n\n\n\n<figure class=\"wp-block-audio\"><audio controls src=\"https:\/\/www.fmiv.nu\/wordpress\/wp-content\/uploads\/2025\/07\/Collage-fran-kulturdagen-sandning-25-07-14.mp3\"><\/audio><\/figure>\n","protected":false},"excerpt":{"rendered":"<p>Den 12 juli arrangeras kulturdagen i samarbete med Bistro G\u00e5rden. Lyssna p\u00e5 intervjun med Carlos och Marie. Medan kulturdagen p\u00e5gick gjordes flera intervjuer med b\u00e5de musiker, konstn\u00e4rer och bes\u00f6kare. Lyssna p\u00e5 ett collage av inspelningar d\u00e4rifr\u00e5n. Fr\u00e5n direkts\u00e4ndningen den 14 juli med sommarradion.<\/p>\n","protected":false},"author":9,"featured_media":0,"comment_status":"closed","ping_status":"closed","sticky":false,"template":"","format":"standard","meta":{"neve_meta_sidebar":"","neve_meta_container":"","neve_meta_enable_content_width":"","neve_meta_content_width":0,"neve_meta_title_alignment":"","neve_meta_author_avatar":"","neve_post_elements_order":"","neve_meta_disable_header":"","neve_meta_disable_footer":"","neve_meta_disable_title":"","neve_meta_reading_time":"","footnotes":""},"categories":[1],"tags":[],"class_list":["post-19509","post","type-post","status-publish","format-standard","hentry","category-okategoriserade"],"_links":{"self":[{"href":"https:\/\/www.fmiv.nu\/wordpress\/index.php?rest_route=\/wp\/v2\/posts\/19509","targetHints":{"allow":["GET"]}}],"collection":[{"href":"https:\/\/www.fmiv.nu\/wordpress\/index.php?rest_route=\/wp\/v2\/posts"}],"about":[{"href":"https:\/\/www.fmiv.nu\/wordpress\/index.php?rest_route=\/wp\/v2\/types\/post"}],"author":[{"embeddable":true,"href":"https:\/\/www.fmiv.nu\/wordpress\/index.php?rest_route=\/wp\/v2\/users\/9"}],"replies":[{"embeddable":true,"href":"https:\/\/www.fmiv.nu\/wordpress\/index.php?rest_route=%2Fwp%2Fv2%2Fcomments&post=19509"}],"version-history":[{"count":5,"href":"https:\/\/www.fmiv.nu\/wordpress\/index.php?rest_route=\/wp\/v2\/posts\/19509\/revisions"}],"predecessor-version":[{"id":19567,"href":"https:\/\/www.fmiv.nu\/wordpress\/index.php?rest_route=\/wp\/v2\/posts\/19509\/revisions\/19567"}],"wp:attachment":[{"href":"https:\/\/www.fmiv.nu\/wordpress\/index.php?rest_route=%2Fwp%2Fv2%2Fmedia&parent=19509"}],"wp:term":[{"taxonomy":"category","embeddable":true,"href":"https:\/\/www.fmiv.nu\/wordpress\/index.php?rest_route=%2Fwp%2Fv2%2Fcategories&post=19509"},{"taxonomy":"post_tag","embeddable":true,"href":"https:\/\/www.fmiv.nu\/wordpress\/index.php?rest_route=%2Fwp%2Fv2%2Ftags&post=19509"}],"curies":[{"name":"wp","href":"https:\/\/api.w.org\/{rel}","templated":true}]}}