{"id":18715,"date":"2025-02-04T18:12:13","date_gmt":"2025-02-04T17:12:13","guid":{"rendered":"https:\/\/www.fmiv.nu\/wordpress\/?p=18715"},"modified":"2025-02-04T18:12:15","modified_gmt":"2025-02-04T17:12:15","slug":"arets-forsta-kommunfullmaktige-pa-torsdag","status":"publish","type":"post","link":"https:\/\/www.fmiv.nu\/wordpress\/?p=18715","title":{"rendered":"\u00c5rets f\u00f6rsta kommunfullm\u00e4ktige p\u00e5 torsdag"},"content":{"rendered":"\n<p><strong>Kommunfullm\u00e4ktige<\/strong> s\u00e4nds p\u00e5 torsdag kl 13.30 och som l\u00e4ngst fram till 21.00. Ta del av vad som h\u00e4nder i lokalpolitikens V\u00e4ster\u00e5s! N\u00e4rradion direkts\u00e4nder ifr\u00e5n stadshuset. M\u00f6tet inleds med en information om de minoritetslagstifningen i Sverige som fyller 25 \u00e5r. V\u00e4ster\u00e5s \u00e4r ett finskt f\u00f6rvaltningsomr\u00e5de och det kommer att uppm\u00e4rksammas av Anne Allamaa. Mer info om m\u00f6tet hittar du <a href=\"https:\/\/play.mediaflow.com\/ovp\/17\/21DFE73NGD\">h\u00e4r<\/a> d\u00e5 Anders Teljeb\u00e4ck (s) ber\u00e4ttar.<\/p>\n\n\n\n<figure class=\"wp-block-image size-full\"><a href=\"https:\/\/www.fmiv.nu\/wordpress\/wp-content\/uploads\/2024\/03\/kommunfullmaktige-bild-pa-rummet.jpg\"><img loading=\"lazy\" decoding=\"async\" width=\"883\" height=\"497\" src=\"https:\/\/www.fmiv.nu\/wordpress\/wp-content\/uploads\/2024\/03\/kommunfullmaktige-bild-pa-rummet.jpg\" alt=\"\" class=\"wp-image-17039\"\/><\/a><\/figure>\n","protected":false},"excerpt":{"rendered":"<p>Kommunfullm\u00e4ktige s\u00e4nds p\u00e5 torsdag kl 13.30 och som l\u00e4ngst fram till 21.00. Ta del av vad som h\u00e4nder i lokalpolitikens V\u00e4ster\u00e5s! N\u00e4rradion direkts\u00e4nder ifr\u00e5n stadshuset. M\u00f6tet inleds med en information om de minoritetslagstifningen i Sverige som fyller 25 \u00e5r. V\u00e4ster\u00e5s \u00e4r ett finskt f\u00f6rvaltningsomr\u00e5de och det kommer att uppm\u00e4rksammas av Anne Allamaa. Mer info om&hellip;&nbsp;<a href=\"https:\/\/www.fmiv.nu\/wordpress\/?p=18715\" rel=\"bookmark\">Read More &raquo;<span class=\"screen-reader-text\">\u00c5rets f\u00f6rsta kommunfullm\u00e4ktige p\u00e5 torsdag<\/span><\/a><\/p>\n","protected":false},"author":15,"featured_media":0,"comment_status":"closed","ping_status":"closed","sticky":false,"template":"","format":"standard","meta":{"neve_meta_sidebar":"","neve_meta_container":"","neve_meta_enable_content_width":"","neve_meta_content_width":0,"neve_meta_title_alignment":"","neve_meta_author_avatar":"","neve_post_elements_order":"","neve_meta_disable_header":"","neve_meta_disable_footer":"","neve_meta_disable_title":"","neve_meta_reading_time":"","footnotes":""},"categories":[1],"tags":[],"class_list":["post-18715","post","type-post","status-publish","format-standard","hentry","category-okategoriserade"],"_links":{"self":[{"href":"https:\/\/www.fmiv.nu\/wordpress\/index.php?rest_route=\/wp\/v2\/posts\/18715","targetHints":{"allow":["GET"]}}],"collection":[{"href":"https:\/\/www.fmiv.nu\/wordpress\/index.php?rest_route=\/wp\/v2\/posts"}],"about":[{"href":"https:\/\/www.fmiv.nu\/wordpress\/index.php?rest_route=\/wp\/v2\/types\/post"}],"author":[{"embeddable":true,"href":"https:\/\/www.fmiv.nu\/wordpress\/index.php?rest_route=\/wp\/v2\/users\/15"}],"replies":[{"embeddable":true,"href":"https:\/\/www.fmiv.nu\/wordpress\/index.php?rest_route=%2Fwp%2Fv2%2Fcomments&post=18715"}],"version-history":[{"count":1,"href":"https:\/\/www.fmiv.nu\/wordpress\/index.php?rest_route=\/wp\/v2\/posts\/18715\/revisions"}],"predecessor-version":[{"id":18716,"href":"https:\/\/www.fmiv.nu\/wordpress\/index.php?rest_route=\/wp\/v2\/posts\/18715\/revisions\/18716"}],"wp:attachment":[{"href":"https:\/\/www.fmiv.nu\/wordpress\/index.php?rest_route=%2Fwp%2Fv2%2Fmedia&parent=18715"}],"wp:term":[{"taxonomy":"category","embeddable":true,"href":"https:\/\/www.fmiv.nu\/wordpress\/index.php?rest_route=%2Fwp%2Fv2%2Fcategories&post=18715"},{"taxonomy":"post_tag","embeddable":true,"href":"https:\/\/www.fmiv.nu\/wordpress\/index.php?rest_route=%2Fwp%2Fv2%2Ftags&post=18715"}],"curies":[{"name":"wp","href":"https:\/\/api.w.org\/{rel}","templated":true}]}}