{"id":18058,"date":"2024-10-21T11:32:44","date_gmt":"2024-10-21T09:32:44","guid":{"rendered":"https:\/\/www.fmiv.nu\/wordpress\/?p=18058"},"modified":"2024-10-21T18:54:39","modified_gmt":"2024-10-21T16:54:39","slug":"regisoren-har-ordet","status":"publish","type":"post","link":"https:\/\/www.fmiv.nu\/wordpress\/?p=18058","title":{"rendered":"Regiss\u00f6ren har ordet"},"content":{"rendered":"\n<p>Filmen <strong>Israel Palestina p\u00e5 svensk TV 1958-1989<\/strong> skildrar konflikten i mellan\u00f6stern samtidigt som det \u00e4r en unik skildring av nyhetsrapporteringen i Sverige under samma tidsperiod.<br>I ett samtal med kulturjournalisten Erik Jersenius ber\u00e4ttar regiss\u00f6ren G\u00f6ran Olsson om filmen.<\/p>\n\n\n\n<p>Lyssna h\u00e4r!<\/p>\n\n\n\n<figure class=\"wp-block-audio\"><audio controls src=\"https:\/\/www.fmiv.nu\/wordpress\/wp-content\/uploads\/2024\/10\/Samtal-mellan-Erik-Jersenius-och-Goran-Hugo-Olsson.mp3\"><\/audio><\/figure>\n\n\n\n<figure class=\"wp-block-image size-large is-resized\"><a href=\"https:\/\/www.fmiv.nu\/wordpress\/wp-content\/uploads\/2024\/10\/effekt-forminskad-och-beskuren.jpg\"><img loading=\"lazy\" decoding=\"async\" width=\"952\" height=\"1024\" src=\"https:\/\/www.fmiv.nu\/wordpress\/wp-content\/uploads\/2024\/10\/effekt-forminskad-och-beskuren-952x1024.jpg\" alt=\"\" class=\"wp-image-18060\" style=\"width:696px;height:auto\" srcset=\"https:\/\/www.fmiv.nu\/wordpress\/wp-content\/uploads\/2024\/10\/effekt-forminskad-och-beskuren-952x1024.jpg 952w, https:\/\/www.fmiv.nu\/wordpress\/wp-content\/uploads\/2024\/10\/effekt-forminskad-och-beskuren-279x300.jpg 279w, https:\/\/www.fmiv.nu\/wordpress\/wp-content\/uploads\/2024\/10\/effekt-forminskad-och-beskuren-768x827.jpg 768w, https:\/\/www.fmiv.nu\/wordpress\/wp-content\/uploads\/2024\/10\/effekt-forminskad-och-beskuren.jpg 1365w\" sizes=\"auto, (max-width: 952px) 100vw, 952px\" \/><\/a><\/figure>\n\n\n\n<p><\/p>\n","protected":false},"excerpt":{"rendered":"<p>Filmen Israel Palestina p\u00e5 svensk TV 1958-1989 skildrar konflikten i mellan\u00f6stern samtidigt som det \u00e4r en unik skildring av nyhetsrapporteringen i Sverige under samma tidsperiod.I ett samtal med kulturjournalisten Erik Jersenius ber\u00e4ttar regiss\u00f6ren G\u00f6ran Olsson om filmen. Lyssna h\u00e4r!<\/p>\n","protected":false},"author":9,"featured_media":0,"comment_status":"closed","ping_status":"closed","sticky":false,"template":"","format":"standard","meta":{"neve_meta_sidebar":"","neve_meta_container":"","neve_meta_enable_content_width":"","neve_meta_content_width":0,"neve_meta_title_alignment":"","neve_meta_author_avatar":"","neve_post_elements_order":"","neve_meta_disable_header":"","neve_meta_disable_footer":"","neve_meta_disable_title":"","neve_meta_reading_time":"","footnotes":""},"categories":[1],"tags":[],"class_list":["post-18058","post","type-post","status-publish","format-standard","hentry","category-okategoriserade"],"_links":{"self":[{"href":"https:\/\/www.fmiv.nu\/wordpress\/index.php?rest_route=\/wp\/v2\/posts\/18058","targetHints":{"allow":["GET"]}}],"collection":[{"href":"https:\/\/www.fmiv.nu\/wordpress\/index.php?rest_route=\/wp\/v2\/posts"}],"about":[{"href":"https:\/\/www.fmiv.nu\/wordpress\/index.php?rest_route=\/wp\/v2\/types\/post"}],"author":[{"embeddable":true,"href":"https:\/\/www.fmiv.nu\/wordpress\/index.php?rest_route=\/wp\/v2\/users\/9"}],"replies":[{"embeddable":true,"href":"https:\/\/www.fmiv.nu\/wordpress\/index.php?rest_route=%2Fwp%2Fv2%2Fcomments&post=18058"}],"version-history":[{"count":7,"href":"https:\/\/www.fmiv.nu\/wordpress\/index.php?rest_route=\/wp\/v2\/posts\/18058\/revisions"}],"predecessor-version":[{"id":18071,"href":"https:\/\/www.fmiv.nu\/wordpress\/index.php?rest_route=\/wp\/v2\/posts\/18058\/revisions\/18071"}],"wp:attachment":[{"href":"https:\/\/www.fmiv.nu\/wordpress\/index.php?rest_route=%2Fwp%2Fv2%2Fmedia&parent=18058"}],"wp:term":[{"taxonomy":"category","embeddable":true,"href":"https:\/\/www.fmiv.nu\/wordpress\/index.php?rest_route=%2Fwp%2Fv2%2Fcategories&post=18058"},{"taxonomy":"post_tag","embeddable":true,"href":"https:\/\/www.fmiv.nu\/wordpress\/index.php?rest_route=%2Fwp%2Fv2%2Ftags&post=18058"}],"curies":[{"name":"wp","href":"https:\/\/api.w.org\/{rel}","templated":true}]}}