{"id":17977,"date":"2024-10-02T15:12:23","date_gmt":"2024-10-02T13:12:23","guid":{"rendered":"https:\/\/www.fmiv.nu\/wordpress\/?p=17977"},"modified":"2024-10-02T15:12:25","modified_gmt":"2024-10-02T13:12:25","slug":"det-har-vill-lokalpolitikerna-i-vasteras","status":"publish","type":"post","link":"https:\/\/www.fmiv.nu\/wordpress\/?p=17977","title":{"rendered":"Det h\u00e4r vill lokalpolitikerna i V\u00e4ster\u00e5s"},"content":{"rendered":"\n<figure class=\"wp-block-image size-full\"><a href=\"https:\/\/www.fmiv.nu\/wordpress\/wp-content\/uploads\/2024\/10\/Anders-teljeback.png\"><img loading=\"lazy\" decoding=\"async\" width=\"501\" height=\"419\" src=\"https:\/\/www.fmiv.nu\/wordpress\/wp-content\/uploads\/2024\/10\/Anders-teljeback.png\" alt=\"\" class=\"wp-image-17978\" srcset=\"https:\/\/www.fmiv.nu\/wordpress\/wp-content\/uploads\/2024\/10\/Anders-teljeback.png 501w, https:\/\/www.fmiv.nu\/wordpress\/wp-content\/uploads\/2024\/10\/Anders-teljeback-300x251.png 300w\" sizes=\"auto, (max-width: 501px) 100vw, 501px\" \/><\/a><\/figure>\n\n\n\n<p>Lyssna p\u00e5 kommunfullm\u00e4ktige torsdag den 3 oktober kl 13.30. N\u00e4rradion s\u00e4nder hela sammantr\u00e4det som ber\u00f6knas h\u00e5lla p\u00e5 fram till 21.00. Foto: V\u00e4ster\u00e5s Stad.<\/p>\n","protected":false},"excerpt":{"rendered":"<p>Lyssna p\u00e5 kommunfullm\u00e4ktige torsdag den 3 oktober kl 13.30. N\u00e4rradion s\u00e4nder hela sammantr\u00e4det som ber\u00f6knas h\u00e5lla p\u00e5 fram till 21.00. Foto: V\u00e4ster\u00e5s Stad.<\/p>\n","protected":false},"author":9,"featured_media":0,"comment_status":"closed","ping_status":"closed","sticky":false,"template":"","format":"standard","meta":{"neve_meta_sidebar":"","neve_meta_container":"","neve_meta_enable_content_width":"","neve_meta_content_width":0,"neve_meta_title_alignment":"","neve_meta_author_avatar":"","neve_post_elements_order":"","neve_meta_disable_header":"","neve_meta_disable_footer":"","neve_meta_disable_title":"","neve_meta_reading_time":"","footnotes":""},"categories":[1],"tags":[],"class_list":["post-17977","post","type-post","status-publish","format-standard","hentry","category-okategoriserade"],"_links":{"self":[{"href":"https:\/\/www.fmiv.nu\/wordpress\/index.php?rest_route=\/wp\/v2\/posts\/17977","targetHints":{"allow":["GET"]}}],"collection":[{"href":"https:\/\/www.fmiv.nu\/wordpress\/index.php?rest_route=\/wp\/v2\/posts"}],"about":[{"href":"https:\/\/www.fmiv.nu\/wordpress\/index.php?rest_route=\/wp\/v2\/types\/post"}],"author":[{"embeddable":true,"href":"https:\/\/www.fmiv.nu\/wordpress\/index.php?rest_route=\/wp\/v2\/users\/9"}],"replies":[{"embeddable":true,"href":"https:\/\/www.fmiv.nu\/wordpress\/index.php?rest_route=%2Fwp%2Fv2%2Fcomments&post=17977"}],"version-history":[{"count":1,"href":"https:\/\/www.fmiv.nu\/wordpress\/index.php?rest_route=\/wp\/v2\/posts\/17977\/revisions"}],"predecessor-version":[{"id":17979,"href":"https:\/\/www.fmiv.nu\/wordpress\/index.php?rest_route=\/wp\/v2\/posts\/17977\/revisions\/17979"}],"wp:attachment":[{"href":"https:\/\/www.fmiv.nu\/wordpress\/index.php?rest_route=%2Fwp%2Fv2%2Fmedia&parent=17977"}],"wp:term":[{"taxonomy":"category","embeddable":true,"href":"https:\/\/www.fmiv.nu\/wordpress\/index.php?rest_route=%2Fwp%2Fv2%2Fcategories&post=17977"},{"taxonomy":"post_tag","embeddable":true,"href":"https:\/\/www.fmiv.nu\/wordpress\/index.php?rest_route=%2Fwp%2Fv2%2Ftags&post=17977"}],"curies":[{"name":"wp","href":"https:\/\/api.w.org\/{rel}","templated":true}]}}