{"id":16857,"date":"2024-02-09T15:52:09","date_gmt":"2024-02-09T14:52:09","guid":{"rendered":"https:\/\/www.fmiv.nu\/wordpress\/?p=16857"},"modified":"2024-02-09T15:52:11","modified_gmt":"2024-02-09T14:52:11","slug":"lyssna-pa-senaste-jazzbiten","status":"publish","type":"post","link":"https:\/\/www.fmiv.nu\/wordpress\/?p=16857","title":{"rendered":"Lyssna p\u00e5 senaste Jazzbiten"},"content":{"rendered":"\n<p>Detta \u00e5r skulle tv\u00e5 stora jazzmusiker fyllt \u00e5r ifall de fortfarande var i livet, mer om det ber\u00e4ttar Claes Tillander i veckans nyproducerade program. Bilden h\u00e4r nedanf\u00f6r ger dock ledtr\u00e5dar om vilka musiker det kan t\u00e4nkas r\u00f6ra sig om.<\/p>\n\n\n<div class=\"wp-block-image\">\n<figure class=\"aligncenter size-large is-resized\"><a href=\"https:\/\/www.fmiv.nu\/wordpress\/wp-content\/uploads\/2024\/02\/Jazzbiten-nr-578-1.jpg\"><img loading=\"lazy\" decoding=\"async\" width=\"1024\" height=\"841\" src=\"https:\/\/www.fmiv.nu\/wordpress\/wp-content\/uploads\/2024\/02\/Jazzbiten-nr-578-1-1024x841.jpg\" alt=\"Jazzbiten s\u00e4nd p\u00e5 l\u00f6rdagar kl 15.00 samt s\u00f6ndagar kl 16.00.\" class=\"wp-image-16858\" style=\"width:376px;height:auto\" srcset=\"https:\/\/www.fmiv.nu\/wordpress\/wp-content\/uploads\/2024\/02\/Jazzbiten-nr-578-1-1024x841.jpg 1024w, https:\/\/www.fmiv.nu\/wordpress\/wp-content\/uploads\/2024\/02\/Jazzbiten-nr-578-1-300x246.jpg 300w, https:\/\/www.fmiv.nu\/wordpress\/wp-content\/uploads\/2024\/02\/Jazzbiten-nr-578-1-768x631.jpg 768w, https:\/\/www.fmiv.nu\/wordpress\/wp-content\/uploads\/2024\/02\/Jazzbiten-nr-578-1.jpg 1512w\" sizes=\"auto, (max-width: 1024px) 100vw, 1024px\" \/><\/a><\/figure><\/div>\n\n\n<p> Jazzbiten s\u00e4nd p\u00e5 l\u00f6rdagar kl 15.00 samt s\u00f6ndagar kl 16.00.<\/p>\n","protected":false},"excerpt":{"rendered":"<p>Detta \u00e5r skulle tv\u00e5 stora jazzmusiker fyllt \u00e5r ifall de fortfarande var i livet, mer om det ber\u00e4ttar Claes Tillander i veckans nyproducerade program. Bilden h\u00e4r nedanf\u00f6r ger dock ledtr\u00e5dar om vilka musiker det kan t\u00e4nkas r\u00f6ra sig om. Jazzbiten s\u00e4nd p\u00e5 l\u00f6rdagar kl 15.00 samt s\u00f6ndagar kl 16.00.<\/p>\n","protected":false},"author":9,"featured_media":0,"comment_status":"closed","ping_status":"closed","sticky":false,"template":"","format":"standard","meta":{"neve_meta_sidebar":"","neve_meta_container":"","neve_meta_enable_content_width":"","neve_meta_content_width":0,"neve_meta_title_alignment":"","neve_meta_author_avatar":"","neve_post_elements_order":"","neve_meta_disable_header":"","neve_meta_disable_footer":"","neve_meta_disable_title":"","neve_meta_reading_time":"","footnotes":""},"categories":[1],"tags":[],"class_list":["post-16857","post","type-post","status-publish","format-standard","hentry","category-okategoriserade"],"_links":{"self":[{"href":"https:\/\/www.fmiv.nu\/wordpress\/index.php?rest_route=\/wp\/v2\/posts\/16857","targetHints":{"allow":["GET"]}}],"collection":[{"href":"https:\/\/www.fmiv.nu\/wordpress\/index.php?rest_route=\/wp\/v2\/posts"}],"about":[{"href":"https:\/\/www.fmiv.nu\/wordpress\/index.php?rest_route=\/wp\/v2\/types\/post"}],"author":[{"embeddable":true,"href":"https:\/\/www.fmiv.nu\/wordpress\/index.php?rest_route=\/wp\/v2\/users\/9"}],"replies":[{"embeddable":true,"href":"https:\/\/www.fmiv.nu\/wordpress\/index.php?rest_route=%2Fwp%2Fv2%2Fcomments&post=16857"}],"version-history":[{"count":1,"href":"https:\/\/www.fmiv.nu\/wordpress\/index.php?rest_route=\/wp\/v2\/posts\/16857\/revisions"}],"predecessor-version":[{"id":16859,"href":"https:\/\/www.fmiv.nu\/wordpress\/index.php?rest_route=\/wp\/v2\/posts\/16857\/revisions\/16859"}],"wp:attachment":[{"href":"https:\/\/www.fmiv.nu\/wordpress\/index.php?rest_route=%2Fwp%2Fv2%2Fmedia&parent=16857"}],"wp:term":[{"taxonomy":"category","embeddable":true,"href":"https:\/\/www.fmiv.nu\/wordpress\/index.php?rest_route=%2Fwp%2Fv2%2Fcategories&post=16857"},{"taxonomy":"post_tag","embeddable":true,"href":"https:\/\/www.fmiv.nu\/wordpress\/index.php?rest_route=%2Fwp%2Fv2%2Ftags&post=16857"}],"curies":[{"name":"wp","href":"https:\/\/api.w.org\/{rel}","templated":true}]}}