{"id":16809,"date":"2024-01-31T10:14:27","date_gmt":"2024-01-31T09:14:27","guid":{"rendered":"https:\/\/www.fmiv.nu\/wordpress\/?p=16809"},"modified":"2024-01-31T10:18:43","modified_gmt":"2024-01-31T09:18:43","slug":"kommunfullmaktige-1-februari-kl-13-30","status":"publish","type":"post","link":"https:\/\/www.fmiv.nu\/wordpress\/?p=16809","title":{"rendered":"Kommunfullm\u00e4ktige 1 februari kl 13.30"},"content":{"rendered":"\n<p>\u00c5rets f\u00f6rsta kommunfullm\u00e4ktige direkts\u00e4nds ifr\u00e5n stadshuset i V\u00e4ster\u00e5s. I ljudklippet h\u00e4r nedanf\u00f6r kan du lyssna p\u00e5 n\u00e4r ordf\u00f6rande Anders Teljeb\u00e4ck (s) presenterar dagordningen och pratar lite om m\u00f6tet. Du hittar m\u00f6teshandlingarna <a rel=\"noreferrer noopener\" href=\"https:\/\/www.vasteras.se\/download\/18.613ac9818d2a83e11e16be3\/1706192991000\/Kallelse%20KF%202024-02-01.pdf\" target=\"_blank\">h\u00e4r<\/a><\/p>\n\n\n\n<figure class=\"wp-block-audio\"><audio controls src=\"https:\/\/www.fmiv.nu\/wordpress\/wp-content\/uploads\/2024\/01\/Anders-teljeback-presenterar-dagordningen-24-02-01-1.mp3\"><\/audio><\/figure>\n\n\n\n<figure class=\"wp-block-image size-large\"><a href=\"https:\/\/www.fmiv.nu\/wordpress\/wp-content\/uploads\/2024\/01\/AndersTeljebackWebb.jpg\"><img loading=\"lazy\" decoding=\"async\" width=\"300\" height=\"400\" src=\"https:\/\/www.fmiv.nu\/wordpress\/wp-content\/uploads\/2024\/01\/AndersTeljebackWebb.jpg\" alt=\"\" class=\"wp-image-16810\" srcset=\"https:\/\/www.fmiv.nu\/wordpress\/wp-content\/uploads\/2024\/01\/AndersTeljebackWebb.jpg 300w, https:\/\/www.fmiv.nu\/wordpress\/wp-content\/uploads\/2024\/01\/AndersTeljebackWebb-225x300.jpg 225w\" sizes=\"auto, (max-width: 300px) 100vw, 300px\" \/><\/a><figcaption>Anders Teljeb\u008ack\rFoto: Per Groth\rwww.pergroth.com<\/figcaption><\/figure>\n","protected":false},"excerpt":{"rendered":"<p>\u00c5rets f\u00f6rsta kommunfullm\u00e4ktige direkts\u00e4nds ifr\u00e5n stadshuset i V\u00e4ster\u00e5s. I ljudklippet h\u00e4r nedanf\u00f6r kan du lyssna p\u00e5 n\u00e4r ordf\u00f6rande Anders Teljeb\u00e4ck (s) presenterar dagordningen och pratar lite om m\u00f6tet. Du hittar m\u00f6teshandlingarna h\u00e4r<\/p>\n","protected":false},"author":9,"featured_media":0,"comment_status":"closed","ping_status":"closed","sticky":false,"template":"","format":"standard","meta":{"neve_meta_sidebar":"","neve_meta_container":"","neve_meta_enable_content_width":"","neve_meta_content_width":0,"neve_meta_title_alignment":"","neve_meta_author_avatar":"","neve_post_elements_order":"","neve_meta_disable_header":"","neve_meta_disable_footer":"","neve_meta_disable_title":"","neve_meta_reading_time":"","footnotes":""},"categories":[1],"tags":[],"class_list":["post-16809","post","type-post","status-publish","format-standard","hentry","category-okategoriserade"],"_links":{"self":[{"href":"https:\/\/www.fmiv.nu\/wordpress\/index.php?rest_route=\/wp\/v2\/posts\/16809","targetHints":{"allow":["GET"]}}],"collection":[{"href":"https:\/\/www.fmiv.nu\/wordpress\/index.php?rest_route=\/wp\/v2\/posts"}],"about":[{"href":"https:\/\/www.fmiv.nu\/wordpress\/index.php?rest_route=\/wp\/v2\/types\/post"}],"author":[{"embeddable":true,"href":"https:\/\/www.fmiv.nu\/wordpress\/index.php?rest_route=\/wp\/v2\/users\/9"}],"replies":[{"embeddable":true,"href":"https:\/\/www.fmiv.nu\/wordpress\/index.php?rest_route=%2Fwp%2Fv2%2Fcomments&post=16809"}],"version-history":[{"count":2,"href":"https:\/\/www.fmiv.nu\/wordpress\/index.php?rest_route=\/wp\/v2\/posts\/16809\/revisions"}],"predecessor-version":[{"id":16814,"href":"https:\/\/www.fmiv.nu\/wordpress\/index.php?rest_route=\/wp\/v2\/posts\/16809\/revisions\/16814"}],"wp:attachment":[{"href":"https:\/\/www.fmiv.nu\/wordpress\/index.php?rest_route=%2Fwp%2Fv2%2Fmedia&parent=16809"}],"wp:term":[{"taxonomy":"category","embeddable":true,"href":"https:\/\/www.fmiv.nu\/wordpress\/index.php?rest_route=%2Fwp%2Fv2%2Fcategories&post=16809"},{"taxonomy":"post_tag","embeddable":true,"href":"https:\/\/www.fmiv.nu\/wordpress\/index.php?rest_route=%2Fwp%2Fv2%2Ftags&post=16809"}],"curies":[{"name":"wp","href":"https:\/\/api.w.org\/{rel}","templated":true}]}}