{"id":16509,"date":"2023-11-30T15:00:59","date_gmt":"2023-11-30T14:00:59","guid":{"rendered":"https:\/\/www.fmiv.nu\/wordpress\/?p=16509"},"modified":"2023-11-30T15:06:54","modified_gmt":"2023-11-30T14:06:54","slug":"ett-nytt-jazzbiten-sands-pa-lordag-kl-15-00","status":"publish","type":"post","link":"https:\/\/www.fmiv.nu\/wordpress\/?p=16509","title":{"rendered":"Ett nytt Jazzbiten s\u00e4nds p\u00e5 l\u00f6rdag kl 15.00!"},"content":{"rendered":"\n<p>Claes Tillander har ett nytt jazzprogram p\u00e5 lut och det \u00e4r det 576 i ordningen.<\/p>\n\n\n\n<figure class=\"wp-block-image size-large is-resized\"><a href=\"https:\/\/www.fmiv.nu\/wordpress\/wp-content\/uploads\/2023\/11\/Jazzbiten-nr-576-1.jpg\"><img loading=\"lazy\" decoding=\"async\" src=\"https:\/\/www.fmiv.nu\/wordpress\/wp-content\/uploads\/2023\/11\/Jazzbiten-nr-576-1.jpg\" alt=\"\" class=\"wp-image-16510\" width=\"422\" height=\"419\" srcset=\"https:\/\/www.fmiv.nu\/wordpress\/wp-content\/uploads\/2023\/11\/Jazzbiten-nr-576-1.jpg 843w, https:\/\/www.fmiv.nu\/wordpress\/wp-content\/uploads\/2023\/11\/Jazzbiten-nr-576-1-300x298.jpg 300w, https:\/\/www.fmiv.nu\/wordpress\/wp-content\/uploads\/2023\/11\/Jazzbiten-nr-576-1-150x150.jpg 150w, https:\/\/www.fmiv.nu\/wordpress\/wp-content\/uploads\/2023\/11\/Jazzbiten-nr-576-1-768x763.jpg 768w\" sizes=\"auto, (max-width: 422px) 100vw, 422px\" \/><\/a><\/figure>\n\n\n\n<p>Vet du vem som \u00e4r speakerr\u00f6sten till signaturen? Jo, han heter <strong>Ulf J\u00f6nsson<\/strong> och jobbar som vaktm\u00e4stare p\u00e5 ABF i V\u00e4ster\u00e5s. Vidare f\u00e5r du lyssna p\u00e5 Angelo Debarre, en fransk jazzgittarrist i sk\u00f6n Django Reinhardtanda. Lite julmusik hinner Claes med, men den som vill ha mer av den varan f\u00e5r v\u00e4nta till n\u00e4sta program som kommer s\u00e4ndas i mitten av december. Programmet s\u00e4nds i repris s\u00f6ndag kl 16.00 samt tisdag och torsdagar kl 11.30.<\/p>\n","protected":false},"excerpt":{"rendered":"<p>Claes Tillander har ett nytt jazzprogram p\u00e5 lut och det \u00e4r det 576 i ordningen. Vet du vem som \u00e4r speakerr\u00f6sten till signaturen? Jo, han heter Ulf J\u00f6nsson och jobbar som vaktm\u00e4stare p\u00e5 ABF i V\u00e4ster\u00e5s. Vidare f\u00e5r du lyssna p\u00e5 Angelo Debarre, en fransk jazzgittarrist i sk\u00f6n Django Reinhardtanda. Lite julmusik hinner Claes med,&hellip;&nbsp;<a href=\"https:\/\/www.fmiv.nu\/wordpress\/?p=16509\" rel=\"bookmark\">Read More &raquo;<span class=\"screen-reader-text\">Ett nytt Jazzbiten s\u00e4nds p\u00e5 l\u00f6rdag kl 15.00!<\/span><\/a><\/p>\n","protected":false},"author":9,"featured_media":0,"comment_status":"closed","ping_status":"closed","sticky":false,"template":"","format":"standard","meta":{"neve_meta_sidebar":"","neve_meta_container":"","neve_meta_enable_content_width":"","neve_meta_content_width":0,"neve_meta_title_alignment":"","neve_meta_author_avatar":"","neve_post_elements_order":"","neve_meta_disable_header":"","neve_meta_disable_footer":"","neve_meta_disable_title":"","neve_meta_reading_time":"","footnotes":""},"categories":[1],"tags":[],"class_list":["post-16509","post","type-post","status-publish","format-standard","hentry","category-okategoriserade"],"_links":{"self":[{"href":"https:\/\/www.fmiv.nu\/wordpress\/index.php?rest_route=\/wp\/v2\/posts\/16509","targetHints":{"allow":["GET"]}}],"collection":[{"href":"https:\/\/www.fmiv.nu\/wordpress\/index.php?rest_route=\/wp\/v2\/posts"}],"about":[{"href":"https:\/\/www.fmiv.nu\/wordpress\/index.php?rest_route=\/wp\/v2\/types\/post"}],"author":[{"embeddable":true,"href":"https:\/\/www.fmiv.nu\/wordpress\/index.php?rest_route=\/wp\/v2\/users\/9"}],"replies":[{"embeddable":true,"href":"https:\/\/www.fmiv.nu\/wordpress\/index.php?rest_route=%2Fwp%2Fv2%2Fcomments&post=16509"}],"version-history":[{"count":2,"href":"https:\/\/www.fmiv.nu\/wordpress\/index.php?rest_route=\/wp\/v2\/posts\/16509\/revisions"}],"predecessor-version":[{"id":16512,"href":"https:\/\/www.fmiv.nu\/wordpress\/index.php?rest_route=\/wp\/v2\/posts\/16509\/revisions\/16512"}],"wp:attachment":[{"href":"https:\/\/www.fmiv.nu\/wordpress\/index.php?rest_route=%2Fwp%2Fv2%2Fmedia&parent=16509"}],"wp:term":[{"taxonomy":"category","embeddable":true,"href":"https:\/\/www.fmiv.nu\/wordpress\/index.php?rest_route=%2Fwp%2Fv2%2Fcategories&post=16509"},{"taxonomy":"post_tag","embeddable":true,"href":"https:\/\/www.fmiv.nu\/wordpress\/index.php?rest_route=%2Fwp%2Fv2%2Ftags&post=16509"}],"curies":[{"name":"wp","href":"https:\/\/api.w.org\/{rel}","templated":true}]}}